{"id":35701,"date":"2023-06-29T12:01:26","date_gmt":"2023-06-29T12:01:26","guid":{"rendered":"https:\/\/www.dealing.es\/?p=35701"},"modified":"2023-09-11T14:58:30","modified_gmt":"2023-09-11T14:58:30","slug":"necesitamos-mejores-jefes","status":"publish","type":"post","link":"https:\/\/www.dealing.es\/en\/necesitamos-mejores-jefes\/","title":{"rendered":"Necesitamos mejores \u00abjefes\u00bb"},"content":{"rendered":"<div data-elementor-type=\"wp-post\" data-elementor-id=\"35701\" class=\"elementor elementor-35701\">\n\t\t\t\t\t\t<section class=\"elementor-section elementor-top-section elementor-element elementor-element-731f3157 elementor-section-boxed elementor-section-height-default elementor-section-height-default\" data-id=\"731f3157\" data-element_type=\"section\" data-e-type=\"section\">\n\t\t\t\t\t\t<div class=\"elementor-container elementor-column-gap-default\">\n\t\t\t\t\t<div class=\"elementor-column elementor-col-100 elementor-top-column elementor-element elementor-element-4af44635\" data-id=\"4af44635\" data-element_type=\"column\" data-e-type=\"column\">\n\t\t\t<div class=\"elementor-widget-wrap elementor-element-populated\">\n\t\t\t\t\t\t<div class=\"elementor-element elementor-element-414e62b elementor-widget elementor-widget-text-editor\" data-id=\"414e62b\" data-element_type=\"widget\" data-e-type=\"widget\" data-widget_type=\"text-editor.default\">\n\t\t\t\t<div class=\"elementor-widget-container\">\n\t\t\t\t\t\t\t\t\t<h4>A VECES, UN MAL LIDERAZGO GENERA ESTR\u00c9S<\/h4>\nEn un mundo tan industrializado y dominado por la tecnolog\u00eda, cuando observamos a las organizaciones empresariales, parece que hay consenso respecto a asuntos relevantes como:\n<ol>\n \t<li>P\u00e9rdida de estabilidad en el empleo<\/li>\n \t<li>Niveles salariales m\u00e1s bajos<\/li>\n \t<li>Falta de reconocimiento (percibido en todos los niveles)<\/li>\n \t<li>Incremento considerable de trabajadores \u201cdesenganchados\u201d o \u201cquemados\u201d<\/li>\n<\/ol>\nMires donde mires, la gente reclama insistentemente\u00a0<strong>empleos donde poder realizar un trabajo que tenga sentido y un prop\u00f3sito honorable.<\/strong>\u00a0Trabajos que conecten con su vocaci\u00f3n o, incluso, con su personalidad y visi\u00f3n de la vida. Tambi\u00e9n se reclama una mayor flexibilidad, compensaciones econ\u00f3micas adecuadas y equitativas, trabajos estimulantes. Y, sobre todo,\u00a0<strong>tener la oportunidad de desempe\u00f1ar su puesto con libertad para mostrarse tal y como son. Siendo aut\u00e9nticos<\/strong>.\n\nCuando trabajo con directivos, me llama la atenci\u00f3n que muchos de ellos no son conscientes de esta realidad cuando observan su actual organizaci\u00f3n. Sin embargo, s\u00ed est\u00e1n profundamente preocupados cuando tienen que ir al mercado a reclutar talento.\n<h4>EL ESTR\u00c9S<\/h3>\nSeg\u00fan la\u00a0<a href=\"https:\/\/www.ilo.org\/global\/lang--es\/index.htm\">OIT<\/a>\u00a0(Organizaci\u00f3n Internacional del Trabajo),\u00a0<strong>el estr\u00e9s es el segundo problema de salud laboral m\u00e1s frecuente y supone entre el 50 y el 60 % de d\u00edas de baja.\u00a0<\/strong>Supone un coste de casi 140.000 millones de euros a las empresas de la Uni\u00f3n Europea. El ritmo de vida, el trabajo, los horarios, la rutina y las exigencias de la vida profesional son algunas de las causas que lo provocan. En Espa\u00f1a,\u00a0<strong>el estr\u00e9s afecta al 59% de los trabajadores\u00a0<\/strong>y es la causa del 30% de las bajas laborales con un coste aproximado de 8.000 millones de euros al a\u00f1o.\n\nLa OMS (Organizaci\u00f3n Mundial para la Salud) no es optimista y estima que para 2020 la ansiedad y la depresi\u00f3n relacionadas directamente con el estr\u00e9s laboral ser\u00e1n la principal causa de bajas laborales.\n\n<strong>Un mal\u00a0<a href=\"https:\/\/www.ceualumni.com\/el-liderazgo-del-futuro-y-la-innovacion-se-escriben-con-u-conoces-la-teoria-de-la-u\/\">leadership<\/a>\u2026<\/strong>\n\nIncluso en las empresas m\u00e1s punteras y prestigiosas que presumen de ambientes y condiciones de trabajo envidiables,\u00a0<strong>el estr\u00e9s laboral es un verdadero problema. Y, en general, es consecuencia de un mal\u00a0<a href=\"https:\/\/www.ceualumni.com\/el-liderazgo-del-futuro-y-la-innovacion-se-escriben-con-u-conoces-la-teoria-de-la-u\/\">leadership<\/a><\/strong>. El problema es m\u00e1s com\u00fan de lo que pensamos. Los jefes, lejos de proporcionar seguridad y reducir el nivel de estr\u00e9s de sus equipos, se convierten en fuentes de estr\u00e9s. Est\u00e1 claro que las pr\u00e1cticas abusivas de algunos jefes conducen a producir estr\u00e9s. Pero no debemos olvidar\u00a0<strong>el enorme impacto negativo que tienen la mera incompetencia o la incapacidad para evaluar el desempe\u00f1o de los colaboradores de manera objetiva y constructiva. O la ineptitud para dar feedback cuando se requiere<\/strong>.\n\n<strong>\u00bfC\u00f3mo mejorar?<\/strong>\n\nCuriosamente, en la actualidad, la mayor\u00eda de los trabajadores eval\u00faan su satisfacci\u00f3n en la empresa desde el punto de vista de un consumidor buscando experiencias que aporten vivencias atractivas y adaptadas a sus preferencias. Por lo tanto, parece l\u00f3gico pensar, que\u00a0<strong>si una empresa quiere mejorar la experiencia laboral de sus empleados deber\u00eda empezar por mejorar la calidad del liderazgo de sus jefes<\/strong>.\n\nEmpecemos por\u00a0<strong>no contratar personas propensas a estresar al equipo<\/strong>\u00a0para lograr los objetivos a cualquier precio. En mi experiencia, somos m\u00e1s eficaces prediciendo c\u00f3mo se va a comportar una persona ante determinadas situaciones que cambiando su forma natural de actuar. No es tan f\u00e1cil asistir a una persona para ayudarle a cambiar. Como por ejemplo, ser m\u00e1s generoso con su gente, m\u00e1s cuidadoso, emp\u00e1tico, amable o justo. Esta recomendaci\u00f3n pasa por mostrarnos m\u00e1s inquietos por sus habilidades (<a href=\"https:\/\/www.ceualumni.com\/siempre-terminan-ganando-las-soft-skills\/\">soft skills<\/a>) que por sus conocimientos o su rendimiento en el pasado cuando ocupaba posiciones diferentes.\n\nEn el caso de contar con personas perniciosas para la empresa o par\u00e1sitas, que ejercen de agentes contaminantes, por favor, ten presente que es m\u00e1s rentable deshacerse de ellos que contratar a \u201cestrellas\u201d que los tapen.\n\nLamentablemente\u00a0<strong>los malos comportamientos se contagian con m\u00e1s facilidad que los buenos.\u00a0<\/strong>Sobre todo cuando vienen de parte de los jefes. No sobrevalores las fortalezas de aquellos que presentan semejantes comportamientos tan negativos para justificar su permanencia. Los efectos colaterales de mantener a estos elementos t\u00f3xicos superan los beneficios de su aporte individual. Si se me permite la iron\u00eda:\u00a0<strong>inv\u00edtales a triunfar fuera de la empresa<\/strong>.\n<h4>RESILIENCIA<\/h4>\n\u00daltimamente se aprecia mucho la capacidad de resiliencia de las personas. No puedo evitar pensar si\u00a0<strong>muchos est\u00e1n confundiendo la resiliencia con la disposici\u00f3n para \u201caguantar\u201d la incompetencia<\/strong>\u00a0de quienes no est\u00e1n ejerciendo adecuadamente su rol de liderazgo. El extremo lo encontramos en el desprop\u00f3sito de jefes que contratan colaboradores muy resilientes y con un alto grado de inteligencia emocional para tapar sus deficiencias y salir airosos en las encuestas de clima laboral.\n\nLas estridencias no son aconsejables cuando hablamos de los perfiles que conforman una plantilla porque provocan que emprendamos acciones para compensar desequilibrios. Por ejemplo, si incorporamos personas predispuestas a ser felices y disfrutar con cada detalle para compensar otros perfiles m\u00e1s anal\u00edticos e introvertidos no estamos solucionando nada. Solo estamos maquillando un problema. De hecho, estaremos a\u00f1adiendo barreras a la colaboraci\u00f3n en equipo.\n\n<strong>Los conflictos y las discrepancias existen y, a veces, son necesarios para producir avance.\u00a0<\/strong>Solo porque no haya ruido y el equipo se comporte con educaci\u00f3n y amabilidad no significa que est\u00e9n desempe\u00f1ando bien su trabajo.\n\n<strong>Las fuentes de estr\u00e9s laboral son m\u00faltiples y cada persona es un mundo.<\/strong>\n\nTal vez uno de los motivos m\u00e1s recurrentes sea la incertidumbre respecto a qu\u00e9 va a pasar pr\u00f3ximamente. Por eso, curiosamente, a corto plazo, un jefe pobre en su manera de comunicar e, incluso, aburrido, suele estresar a sus colaboradores.\n\nSin embargo, un jefe carism\u00e1tico, emprendedor y explosivo en sus interacciones suele generar m\u00e1s incertidumbre respecto a qu\u00e9 ser\u00e1 lo siguiente y, por lo tanto, aumentan el nivel de estr\u00e9s. De ah\u00ed la necesidad de conformar un sistema de interacciones regulares y peri\u00f3dicas con todos los miembros del equipo. Con agendas cargadas de contenidos relacionados con la consecuci\u00f3n de los objetivos de la compa\u00f1\u00eda.\n\n<strong>ENTONCES\u2026<\/strong>\n\nSi estamos realmente preocupados por estimular el bienestar del lugar de trabajo y la calidad del ambiente laboral, deber\u00edamos gastar menos presupuesto y recursos en dise\u00f1ar oficinas con espacios modernos. Sin paredes ni despachos, con m\u00e1quinas vending sin snacks hipercal\u00f3ricos. Y emplearnos a fondo en\u00a0<strong>mejorar el nivel de liderazgo de nuestros jefes. Producir as\u00ed un entorno laboral eficiente y orientado a lograr resultados desde la gesti\u00f3n competente de personas y el respeto a la contribuci\u00f3n de todos los integrantes del equipo<\/strong>.\n\nJavier Moreno Zabala. Socio de Dealing with People.\n\n&nbsp;\t\t\t\t\t\t\t\t<\/div>\n\t\t\t\t<\/div>\n\t\t\t\t\t<\/div>\n\t\t<\/div>\n\t\t\t\t\t<\/div>\n\t\t<\/section>\n\t\t\t\t<section class=\"elementor-section elementor-top-section elementor-element elementor-element-c5214ca elementor-section-boxed elementor-section-height-default elementor-section-height-default\" data-id=\"c5214ca\" data-element_type=\"section\" data-e-type=\"section\">\n\t\t\t\t\t\t<div class=\"elementor-container elementor-column-gap-default\">\n\t\t\t\t\t<div class=\"elementor-column elementor-col-100 elementor-top-column elementor-element elementor-element-583bbc3\" data-id=\"583bbc3\" data-element_type=\"column\" data-e-type=\"column\">\n\t\t\t<div class=\"elementor-widget-wrap\">\n\t\t\t\t\t\t\t<\/div>\n\t\t<\/div>\n\t\t\t\t\t<\/div>\n\t\t<\/section>\n\t\t\t\t<\/div>","protected":false},"excerpt":{"rendered":"<p>A VECES, UN MAL LIDERAZGO GENERA ESTR\u00c9S En un mundo tan industrializado y dominado por la tecnolog\u00eda, cuando observamos a..<\/p>","protected":false},"author":1,"featured_media":35702,"comment_status":"closed","ping_status":"closed","sticky":false,"template":"","format":"standard","meta":{"footnotes":""},"categories":[29],"tags":[6,8,9],"class_list":["post-35701","post","type-post","status-publish","format-standard","has-post-thumbnail","hentry","category-liderazgo","tag-agency","tag-corporate","tag-digital"],"yoast_head":"<!-- This site is optimized with the Yoast SEO plugin v27.5 - https:\/\/yoast.com\/product\/yoast-seo-wordpress\/ -->\n<title>Necesitamos mejores \u00abjefes\u00bb - Dealing with People<\/title>\n<meta name=\"description\" content=\"Un mal jefe puede generar estr\u00e9s entre sus empleados, por ello, saber liderar un equipo es necesario para gestionar el estr\u00e9s laboral\" \/>\n<meta name=\"robots\" content=\"index, follow, max-snippet:-1, max-image-preview:large, max-video-preview:-1\" \/>\n<link rel=\"canonical\" href=\"https:\/\/www.dealing.es\/en\/necesitamos-mejores-jefes\/\" \/>\n<meta property=\"og:locale\" content=\"en_GB\" \/>\n<meta property=\"og:type\" content=\"article\" \/>\n<meta property=\"og:title\" content=\"Necesitamos mejores \u00abjefes\u00bb - Dealing with People\" \/>\n<meta property=\"og:description\" content=\"Un mal jefe puede generar estr\u00e9s entre sus empleados, por ello, saber liderar un equipo es necesario para gestionar el estr\u00e9s laboral\" \/>\n<meta property=\"og:url\" content=\"https:\/\/www.dealing.es\/en\/necesitamos-mejores-jefes\/\" \/>\n<meta property=\"og:site_name\" content=\"Dealing with People\" \/>\n<meta property=\"article:published_time\" content=\"2023-06-29T12:01:26+00:00\" \/>\n<meta property=\"article:modified_time\" content=\"2023-09-11T14:58:30+00:00\" \/>\n<meta property=\"og:image\" content=\"https:\/\/www.dealing.es\/wp-content\/uploads\/2023\/06\/estres-1.jpeg\" \/>\n\t<meta property=\"og:image:width\" content=\"1904\" \/>\n\t<meta property=\"og:image:height\" content=\"650\" \/>\n\t<meta property=\"og:image:type\" content=\"image\/jpeg\" \/>\n<meta name=\"author\" content=\"reloades\" \/>\n<meta name=\"twitter:card\" content=\"summary_large_image\" \/>\n<meta name=\"twitter:label1\" content=\"Written by\" \/>\n\t<meta name=\"twitter:data1\" content=\"reloades\" \/>\n\t<meta name=\"twitter:label2\" content=\"Estimated reading time\" \/>\n\t<meta name=\"twitter:data2\" content=\"5 minutes\" \/>\n<script type=\"application\/ld+json\" class=\"yoast-schema-graph\">{\"@context\":\"https:\\\/\\\/schema.org\",\"@graph\":[{\"@type\":\"Article\",\"@id\":\"https:\\\/\\\/www.dealing.es\\\/es\\\/necesitamos-mejores-jefes\\\/#article\",\"isPartOf\":{\"@id\":\"https:\\\/\\\/www.dealing.es\\\/necesitamos-mejores-jefes\\\/\"},\"author\":{\"name\":\"reloades\",\"@id\":\"https:\\\/\\\/www.dealing.es\\\/#\\\/schema\\\/person\\\/fcd03ec6ece178f2b19859cc55ea5ab8\"},\"headline\":\"Necesitamos mejores \u00abjefes\u00bb\",\"datePublished\":\"2023-06-29T12:01:26+00:00\",\"dateModified\":\"2023-09-11T14:58:30+00:00\",\"mainEntityOfPage\":{\"@id\":\"https:\\\/\\\/www.dealing.es\\\/necesitamos-mejores-jefes\\\/\"},\"wordCount\":1140,\"publisher\":{\"@id\":\"https:\\\/\\\/www.dealing.es\\\/#organization\"},\"image\":{\"@id\":\"https:\\\/\\\/www.dealing.es\\\/es\\\/necesitamos-mejores-jefes\\\/#primaryimage\"},\"thumbnailUrl\":\"https:\\\/\\\/www.dealing.es\\\/wp-content\\\/uploads\\\/2023\\\/06\\\/estres-1.jpeg\",\"keywords\":[\"agency\",\"corporate\",\"digital\"],\"articleSection\":[\"liderazgo\"],\"inLanguage\":\"en-GB\"},{\"@type\":\"WebPage\",\"@id\":\"https:\\\/\\\/www.dealing.es\\\/necesitamos-mejores-jefes\\\/\",\"url\":\"https:\\\/\\\/www.dealing.es\\\/es\\\/necesitamos-mejores-jefes\\\/\",\"name\":\"Necesitamos mejores \u00abjefes\u00bb - Dealing with People\",\"isPartOf\":{\"@id\":\"https:\\\/\\\/www.dealing.es\\\/#website\"},\"primaryImageOfPage\":{\"@id\":\"https:\\\/\\\/www.dealing.es\\\/es\\\/necesitamos-mejores-jefes\\\/#primaryimage\"},\"image\":{\"@id\":\"https:\\\/\\\/www.dealing.es\\\/es\\\/necesitamos-mejores-jefes\\\/#primaryimage\"},\"thumbnailUrl\":\"https:\\\/\\\/www.dealing.es\\\/wp-content\\\/uploads\\\/2023\\\/06\\\/estres-1.jpeg\",\"datePublished\":\"2023-06-29T12:01:26+00:00\",\"dateModified\":\"2023-09-11T14:58:30+00:00\",\"description\":\"Un mal jefe puede generar estr\u00e9s entre sus empleados, por ello, saber liderar un equipo es necesario para gestionar el estr\u00e9s laboral\",\"breadcrumb\":{\"@id\":\"https:\\\/\\\/www.dealing.es\\\/es\\\/necesitamos-mejores-jefes\\\/#breadcrumb\"},\"inLanguage\":\"en-GB\",\"potentialAction\":[{\"@type\":\"ReadAction\",\"target\":[\"https:\\\/\\\/www.dealing.es\\\/es\\\/necesitamos-mejores-jefes\\\/\"]}]},{\"@type\":\"ImageObject\",\"inLanguage\":\"en-GB\",\"@id\":\"https:\\\/\\\/www.dealing.es\\\/es\\\/necesitamos-mejores-jefes\\\/#primaryimage\",\"url\":\"https:\\\/\\\/www.dealing.es\\\/wp-content\\\/uploads\\\/2023\\\/06\\\/estres-1.jpeg\",\"contentUrl\":\"https:\\\/\\\/www.dealing.es\\\/wp-content\\\/uploads\\\/2023\\\/06\\\/estres-1.jpeg\",\"width\":1904,\"height\":650,\"caption\":\"estr\u00e9s laboral\"},{\"@type\":\"BreadcrumbList\",\"@id\":\"https:\\\/\\\/www.dealing.es\\\/es\\\/necesitamos-mejores-jefes\\\/#breadcrumb\",\"itemListElement\":[{\"@type\":\"ListItem\",\"position\":1,\"name\":\"Inicio\",\"item\":\"https:\\\/\\\/www.dealing.es\\\/\"},{\"@type\":\"ListItem\",\"position\":2,\"name\":\"Necesitamos mejores \u00abjefes\u00bb\"}]},{\"@type\":\"WebSite\",\"@id\":\"https:\\\/\\\/www.dealing.es\\\/#website\",\"url\":\"https:\\\/\\\/www.dealing.es\\\/\",\"name\":\"Dealing with People\",\"description\":\"Expertos en materias como desarrollo profesional, liderazgo, motivaci\u00f3n, gesti\u00f3n de recursos, direcci\u00f3n ejecutiva, y comunicaci\u00f3n empresarial.\",\"publisher\":{\"@id\":\"https:\\\/\\\/www.dealing.es\\\/#organization\"},\"potentialAction\":[{\"@type\":\"SearchAction\",\"target\":{\"@type\":\"EntryPoint\",\"urlTemplate\":\"https:\\\/\\\/www.dealing.es\\\/?s={search_term_string}\"},\"query-input\":{\"@type\":\"PropertyValueSpecification\",\"valueRequired\":true,\"valueName\":\"search_term_string\"}}],\"inLanguage\":\"en-GB\"},{\"@type\":\"Organization\",\"@id\":\"https:\\\/\\\/www.dealing.es\\\/#organization\",\"name\":\"Dealing with People S.L.\",\"url\":\"https:\\\/\\\/www.dealing.es\\\/\",\"logo\":{\"@type\":\"ImageObject\",\"inLanguage\":\"en-GB\",\"@id\":\"https:\\\/\\\/www.dealing.es\\\/#\\\/schema\\\/logo\\\/image\\\/\",\"url\":\"https:\\\/\\\/www.dealing.es\\\/wp-content\\\/uploads\\\/2023\\\/06\\\/logotipo_dealing.png\",\"contentUrl\":\"https:\\\/\\\/www.dealing.es\\\/wp-content\\\/uploads\\\/2023\\\/06\\\/logotipo_dealing.png\",\"width\":3183,\"height\":987,\"caption\":\"Dealing with People S.L.\"},\"image\":{\"@id\":\"https:\\\/\\\/www.dealing.es\\\/#\\\/schema\\\/logo\\\/image\\\/\"},\"sameAs\":[\"https:\\\/\\\/www.linkedin.com\\\/company\\\/dealing-with-people\\\/?trk=public_profile_topcard_current_company&originalSubdomain=es\"]},{\"@type\":\"Person\",\"@id\":\"https:\\\/\\\/www.dealing.es\\\/#\\\/schema\\\/person\\\/fcd03ec6ece178f2b19859cc55ea5ab8\",\"name\":\"reloades\",\"image\":{\"@type\":\"ImageObject\",\"inLanguage\":\"en-GB\",\"@id\":\"https:\\\/\\\/secure.gravatar.com\\\/avatar\\\/9838bb8daa9dee8b02c79cc0ed70dfb41f8d697751fde46f6593cbaebe2ff2fb?s=96&d=mm&r=g\",\"url\":\"https:\\\/\\\/secure.gravatar.com\\\/avatar\\\/9838bb8daa9dee8b02c79cc0ed70dfb41f8d697751fde46f6593cbaebe2ff2fb?s=96&d=mm&r=g\",\"contentUrl\":\"https:\\\/\\\/secure.gravatar.com\\\/avatar\\\/9838bb8daa9dee8b02c79cc0ed70dfb41f8d697751fde46f6593cbaebe2ff2fb?s=96&d=mm&r=g\",\"caption\":\"reloades\"},\"sameAs\":[\"https:\\\/\\\/www.dealing.es\"]}]}<\/script>\n<!-- \/ Yoast SEO plugin. -->","yoast_head_json":{"title":"Necesitamos mejores \u00abjefes\u00bb - Dealing with People","description":"Un mal jefe puede generar estr\u00e9s entre sus empleados, por ello, saber liderar un equipo es necesario para gestionar el estr\u00e9s laboral","robots":{"index":"index","follow":"follow","max-snippet":"max-snippet:-1","max-image-preview":"max-image-preview:large","max-video-preview":"max-video-preview:-1"},"canonical":"https:\/\/www.dealing.es\/en\/necesitamos-mejores-jefes\/","og_locale":"en_GB","og_type":"article","og_title":"Necesitamos mejores \u00abjefes\u00bb - Dealing with People","og_description":"Un mal jefe puede generar estr\u00e9s entre sus empleados, por ello, saber liderar un equipo es necesario para gestionar el estr\u00e9s laboral","og_url":"https:\/\/www.dealing.es\/en\/necesitamos-mejores-jefes\/","og_site_name":"Dealing with People","article_published_time":"2023-06-29T12:01:26+00:00","article_modified_time":"2023-09-11T14:58:30+00:00","og_image":[{"width":1904,"height":650,"url":"https:\/\/www.dealing.es\/wp-content\/uploads\/2023\/06\/estres-1.jpeg","type":"image\/jpeg"}],"author":"reloades","twitter_card":"summary_large_image","twitter_misc":{"Written by":"reloades","Estimated reading time":"5 minutes"},"schema":{"@context":"https:\/\/schema.org","@graph":[{"@type":"Article","@id":"https:\/\/www.dealing.es\/es\/necesitamos-mejores-jefes\/#article","isPartOf":{"@id":"https:\/\/www.dealing.es\/necesitamos-mejores-jefes\/"},"author":{"name":"reloades","@id":"https:\/\/www.dealing.es\/#\/schema\/person\/fcd03ec6ece178f2b19859cc55ea5ab8"},"headline":"Necesitamos mejores \u00abjefes\u00bb","datePublished":"2023-06-29T12:01:26+00:00","dateModified":"2023-09-11T14:58:30+00:00","mainEntityOfPage":{"@id":"https:\/\/www.dealing.es\/necesitamos-mejores-jefes\/"},"wordCount":1140,"publisher":{"@id":"https:\/\/www.dealing.es\/#organization"},"image":{"@id":"https:\/\/www.dealing.es\/es\/necesitamos-mejores-jefes\/#primaryimage"},"thumbnailUrl":"https:\/\/www.dealing.es\/wp-content\/uploads\/2023\/06\/estres-1.jpeg","keywords":["agency","corporate","digital"],"articleSection":["liderazgo"],"inLanguage":"en-GB"},{"@type":"WebPage","@id":"https:\/\/www.dealing.es\/necesitamos-mejores-jefes\/","url":"https:\/\/www.dealing.es\/es\/necesitamos-mejores-jefes\/","name":"Necesitamos mejores \u00abjefes\u00bb - Dealing with People","isPartOf":{"@id":"https:\/\/www.dealing.es\/#website"},"primaryImageOfPage":{"@id":"https:\/\/www.dealing.es\/es\/necesitamos-mejores-jefes\/#primaryimage"},"image":{"@id":"https:\/\/www.dealing.es\/es\/necesitamos-mejores-jefes\/#primaryimage"},"thumbnailUrl":"https:\/\/www.dealing.es\/wp-content\/uploads\/2023\/06\/estres-1.jpeg","datePublished":"2023-06-29T12:01:26+00:00","dateModified":"2023-09-11T14:58:30+00:00","description":"Un mal jefe puede generar estr\u00e9s entre sus empleados, por ello, saber liderar un equipo es necesario para gestionar el estr\u00e9s laboral","breadcrumb":{"@id":"https:\/\/www.dealing.es\/es\/necesitamos-mejores-jefes\/#breadcrumb"},"inLanguage":"en-GB","potentialAction":[{"@type":"ReadAction","target":["https:\/\/www.dealing.es\/es\/necesitamos-mejores-jefes\/"]}]},{"@type":"ImageObject","inLanguage":"en-GB","@id":"https:\/\/www.dealing.es\/es\/necesitamos-mejores-jefes\/#primaryimage","url":"https:\/\/www.dealing.es\/wp-content\/uploads\/2023\/06\/estres-1.jpeg","contentUrl":"https:\/\/www.dealing.es\/wp-content\/uploads\/2023\/06\/estres-1.jpeg","width":1904,"height":650,"caption":"estr\u00e9s laboral"},{"@type":"BreadcrumbList","@id":"https:\/\/www.dealing.es\/es\/necesitamos-mejores-jefes\/#breadcrumb","itemListElement":[{"@type":"ListItem","position":1,"name":"Inicio","item":"https:\/\/www.dealing.es\/"},{"@type":"ListItem","position":2,"name":"Necesitamos mejores \u00abjefes\u00bb"}]},{"@type":"WebSite","@id":"https:\/\/www.dealing.es\/#website","url":"https:\/\/www.dealing.es\/","name":"Dealing with People","description":"Expertos en materias como desarrollo profesional, liderazgo, motivaci\u00f3n, gesti\u00f3n de recursos, direcci\u00f3n ejecutiva, y comunicaci\u00f3n empresarial.","publisher":{"@id":"https:\/\/www.dealing.es\/#organization"},"potentialAction":[{"@type":"SearchAction","target":{"@type":"EntryPoint","urlTemplate":"https:\/\/www.dealing.es\/?s={search_term_string}"},"query-input":{"@type":"PropertyValueSpecification","valueRequired":true,"valueName":"search_term_string"}}],"inLanguage":"en-GB"},{"@type":"Organization","@id":"https:\/\/www.dealing.es\/#organization","name":"Dealing with People S.L.","url":"https:\/\/www.dealing.es\/","logo":{"@type":"ImageObject","inLanguage":"en-GB","@id":"https:\/\/www.dealing.es\/#\/schema\/logo\/image\/","url":"https:\/\/www.dealing.es\/wp-content\/uploads\/2023\/06\/logotipo_dealing.png","contentUrl":"https:\/\/www.dealing.es\/wp-content\/uploads\/2023\/06\/logotipo_dealing.png","width":3183,"height":987,"caption":"Dealing with People S.L."},"image":{"@id":"https:\/\/www.dealing.es\/#\/schema\/logo\/image\/"},"sameAs":["https:\/\/www.linkedin.com\/company\/dealing-with-people\/?trk=public_profile_topcard_current_company&originalSubdomain=es"]},{"@type":"Person","@id":"https:\/\/www.dealing.es\/#\/schema\/person\/fcd03ec6ece178f2b19859cc55ea5ab8","name":"reloades","image":{"@type":"ImageObject","inLanguage":"en-GB","@id":"https:\/\/secure.gravatar.com\/avatar\/9838bb8daa9dee8b02c79cc0ed70dfb41f8d697751fde46f6593cbaebe2ff2fb?s=96&d=mm&r=g","url":"https:\/\/secure.gravatar.com\/avatar\/9838bb8daa9dee8b02c79cc0ed70dfb41f8d697751fde46f6593cbaebe2ff2fb?s=96&d=mm&r=g","contentUrl":"https:\/\/secure.gravatar.com\/avatar\/9838bb8daa9dee8b02c79cc0ed70dfb41f8d697751fde46f6593cbaebe2ff2fb?s=96&d=mm&r=g","caption":"reloades"},"sameAs":["https:\/\/www.dealing.es"]}]}},"_links":{"self":[{"href":"https:\/\/www.dealing.es\/en\/wp-json\/wp\/v2\/posts\/35701","targetHints":{"allow":["GET"]}}],"collection":[{"href":"https:\/\/www.dealing.es\/en\/wp-json\/wp\/v2\/posts"}],"about":[{"href":"https:\/\/www.dealing.es\/en\/wp-json\/wp\/v2\/types\/post"}],"author":[{"embeddable":true,"href":"https:\/\/www.dealing.es\/en\/wp-json\/wp\/v2\/users\/1"}],"replies":[{"embeddable":true,"href":"https:\/\/www.dealing.es\/en\/wp-json\/wp\/v2\/comments?post=35701"}],"version-history":[{"count":4,"href":"https:\/\/www.dealing.es\/en\/wp-json\/wp\/v2\/posts\/35701\/revisions"}],"predecessor-version":[{"id":35706,"href":"https:\/\/www.dealing.es\/en\/wp-json\/wp\/v2\/posts\/35701\/revisions\/35706"}],"wp:featuredmedia":[{"embeddable":true,"href":"https:\/\/www.dealing.es\/en\/wp-json\/wp\/v2\/media\/35702"}],"wp:attachment":[{"href":"https:\/\/www.dealing.es\/en\/wp-json\/wp\/v2\/media?parent=35701"}],"wp:term":[{"taxonomy":"category","embeddable":true,"href":"https:\/\/www.dealing.es\/en\/wp-json\/wp\/v2\/categories?post=35701"},{"taxonomy":"post_tag","embeddable":true,"href":"https:\/\/www.dealing.es\/en\/wp-json\/wp\/v2\/tags?post=35701"}],"curies":[{"name":"wp","href":"https:\/\/api.w.org\/{rel}","templated":true}]}}